{"id":255249,"date":"2023-03-08T15:33:00","date_gmt":"2023-03-08T15:33:00","guid":{"rendered":"https:\/\/thestorytelleragency.ca\/?p=255249"},"modified":"2025-08-07T19:47:32","modified_gmt":"2025-08-07T19:47:32","slug":"ecriture-inclusive","status":"publish","type":"post","link":"https:\/\/thestorytelleragency.ca\/fr\/blogue\/ecriture-inclusive\/","title":{"rendered":"D\u00e9mystifier l&rsquo;\u00e9criture inclusive"},"content":{"rendered":"<p><span style=\"font-weight: 400;\">Avez-vous entendu parler du concept d\u2019\u00e9criture inclusive?\u00a0<\/span><\/p>\n<p><span style=\"font-weight: 400;\">L\u2019\u00e9criture inclusive suscite des discussions anim\u00e9es autant au sein des grandes organisations publiques de la Francophonie mondiale qu\u2019autour de la machine \u00e0 caf\u00e9 au bureau.\u00a0<\/span><\/p>\n<p><span style=\"font-weight: 400;\">Nous r\u00e9pondons ici aux questions fr\u00e9quentes sur cette approche utilis\u00e9e en r\u00e9daction.\u00a0<\/span><\/p>\n<p>&nbsp;<\/p>\n<h2><strong>Pourquoi parle-t-on d\u2019\u00e9criture inclusive\u2009?<\/strong><\/h2>\n<p><span style=\"font-weight: 400;\">Le d\u00e9bat sur l\u2019utilisation de l\u2019\u00e9criture inclusive est n\u00e9 en r\u00e9action \u00e0 un certain statu quo de l\u2019\u00e9volution de la langue fran\u00e7aise.\u00a0<\/span><\/p>\n<p><span style=\"font-weight: 400;\">Les personnes en faveur de cette approche croient que <\/span><b>la langue fran\u00e7aise n\u2019\u00e9volue pas au m\u00eame rythme que les valeurs d\u2019\u00e9galit\u00e9 et de diversit\u00e9 de notre soci\u00e9t\u00e9<\/b><span style=\"font-weight: 400;\">. Pensons au droit de vote des femmes et \u00e0 la l\u00e9galisation du mariage homosexuel.\u00a0<\/span><\/p>\n<p><span style=\"font-weight: 400;\">Toutefois, bien que les titres de professions de langue fran\u00e7aise soient 100\u00a0% f\u00e9minis\u00e9s depuis 1981 au Canada <\/span><span style=\"font-weight: 400;\">, la r\u00e8gle stipulant que le <\/span><i><span style=\"font-weight: 400;\">masculin l\u2019emporte sur le f\u00e9minin <\/span><\/i><span style=\"font-weight: 400;\">est encore bien pr\u00e9sente.\u00a0<\/span><\/p>\n<p>&nbsp;<\/p>\n<h2><strong>Qu\u2019est-ce que l\u2019\u00e9criture inclusive?\u00a0<\/strong><\/h2>\n<p><span style=\"font-weight: 400;\">L\u2019\u00e9criture inclusive est un style r\u00e9dactionnel contemporain. Il consiste \u00e0 utiliser des techniques linguistiques pour favoriser l\u2019inclusion identitaire et l\u2019\u00e9galit\u00e9 des genres pour favoriser une formulation neutre de la langue.\u00a0\u00a0<\/span><\/p>\n<p><span style=\"font-weight: 400;\">Plusieurs termes sont utilis\u00e9s dans la m\u00eame famille que l\u2019\u00e9criture inclusive. Par exemple, l\u2019<\/span><b>\u00e9criture \u00e9pic\u00e8ne<\/b><span style=\"font-weight: 400;\">, <\/span><span style=\"font-weight: 400;\">que nous abordons plus pr\u00e9cis\u00e9ment dans une section de cet article<\/span><i><span style=\"font-weight: 400;\">,<\/span><\/i><span style=\"font-weight: 400;\">, se veut une pratique d\u2019\u00e9criture o\u00f9 les noms ont la m\u00eame forme aux deux genres ou peuvent d\u00e9signer indiff\u00e9remment un homme ou une femme.\u00a0\u00a0<\/span><\/p>\n<p>&nbsp;<\/p>\n<h2><strong>D\u2019o\u00f9 vient le concept d\u2019\u00e9criture inclusive\u2009?\u00a0<\/strong><\/h2>\n<p><span style=\"font-weight: 400;\">L\u2019\u00e9criture dite inclusive a d\u2019abord pris la forme du <\/span><b>genre neutre qui \u00e9tait bien vivant en latin<\/b><span style=\"font-weight: 400;\">. Au 16<\/span><span style=\"font-weight: 400;\">e<\/span><span style=\"font-weight: 400;\">\u00a0si\u00e8cle, en France, on d\u00e9signa le fran\u00e7ais comme langue administrative au d\u00e9triment du latin. \u00a0Le genre neutre fut aboli. Au 17<\/span><span style=\"font-weight: 400;\">e<\/span><span style=\"font-weight: 400;\">\u00a0si\u00e8cle, \u00e0 la suite d\u2019une d\u00e9claration d\u2019un grammairien de renom, la langue se masculinise.<\/span><\/p>\n<p><span style=\"font-weight: 400;\">\u00ab\u2009Le genre masculin \u00e9tant le plus noble, il doit pr\u00e9dominer chaque fois que le masculin et le f\u00e9minin se trouvent ensemble\u2009\u00bb. (Vaugelas, 1647)<\/span><span style=\"font-weight: 400;\">\u00a0<\/span><\/p>\n<p><span style=\"font-weight: 400;\">On assiste \u00e0 un retour de la f\u00e9minisation avec la croissance du nombre de femmes sur le march\u00e9 du travail. La mise \u00e0 jour des appellations d\u2019emploi au Canada est le premier pas d\u2019un vaste chantier de f\u00e9minisation en langue fran\u00e7aise au pays.\u00a0<\/span><\/p>\n<p>&nbsp;<\/p>\n<h2><strong>L\u2019\u00e9criture inclusive est-elle utilis\u00e9e ailleurs qu\u2019en francophonie canadienne?\u00a0<\/strong><\/h2>\n<p><span style=\"font-weight: 400;\">L\u2019\u00e9criture inclusive est discut\u00e9e, d\u00e9battue et utilis\u00e9e dans de nombreux pays francophones.\u00a0<\/span><\/p>\n<p><span style=\"font-weight: 400;\">L\u2019Acad\u00e9mie fran\u00e7aise, l\u2019institution qui veille sur la langue fran\u00e7aise depuis plusieurs si\u00e8cles, s<\/span><a href=\"https:\/\/www.academie-francaise.fr\/actualites\/lettre-ouverte-sur-lecriture-inclusive\" target=\"_blank\" rel=\"noopener\"><span style=\"font-weight: 400;\">\u2019oppose fermement \u00e0 cette approche<\/span><\/a><span style=\"font-weight: 400;\"> en la qualifiant de \u00ab\u2009<\/span><b>nuisible \u00e0 la pratique et \u00e0 l\u2019intelligibilit\u00e9 de la langue fran\u00e7aise<\/b><span style=\"font-weight: 400;\"> \u00bb. Toutefois, de nombreuses institutions estiment que l\u2019\u00e9criture inclusive est une <\/span><b>fa\u00e7on de bien repr\u00e9senter et inclure les membres de la soci\u00e9t\u00e9.\u00a0<\/b><\/p>\n<p><span style=\"font-weight: 400;\">Sur le continent europ\u00e9en, la F\u00e9d\u00e9ration Wallonie-Bruxelles, en Belgique, vient d\u2019imposer un <\/span><a href=\"https:\/\/www.lesoir.be\/397234\/article\/2021-09-28\/un-decret-pour-ecrire-de-facon-inclusive-sans-etre-illisible\" target=\"_blank\" rel=\"noopener\"><span style=\"font-weight: 400;\">d\u00e9cret<\/span><\/a><span style=\"font-weight: 400;\"> visant \u00e0 imposer l\u2019\u00e9criture inclusive au sein de ses institutions. Le Parlement europ\u00e9en a mis \u00e0 jour ses <\/span><a href=\"https:\/\/www.europarl.europa.eu\/cmsdata\/288141\/GNL_Guidelines_FR-original.pdf\" target=\"_blank\" rel=\"noopener\"><span style=\"font-weight: 400;\">lignes directrices multilingues<\/span><\/a><span style=\"font-weight: 400;\"> en mati\u00e8re de langage neutre en 2018. Du c\u00f4t\u00e9 canadien, c\u2019est \u00e0 l\u2019automne\u00a02022 que le gouvernement a cr\u00e9\u00e9 un <\/span><a href=\"https:\/\/www.noslangues-ourlanguages.gc.ca\/fr\/cles-de-la-redaction\/ecriture-inclusive-lignes-directrices-ressources\" target=\"_blank\" rel=\"noopener\"><span style=\"font-weight: 400;\">outil sp\u00e9cialis\u00e9<\/span><\/a><span style=\"font-weight: 400;\"> visant \u00e0 offrir des recommandations pratiques en mati\u00e8re d\u2019\u00e9criture inclusive.\u00a0<\/span><\/p>\n<p>&nbsp;<\/p>\n<h2><strong>Quelles sont les formes d\u2019\u00e9criture inclusive\u2009?\u00a0<\/strong><\/h2>\n<p><span style=\"font-weight: 400;\">L\u2019\u00e9criture inclusive comprend plusieurs proc\u00e9d\u00e9s. L\u2019objectif premier de cette approche est d\u2019utiliser les ressources existantes et accessibles de la langue fran\u00e7aise. Voici quelques-uns des proc\u00e9d\u00e9s\u00a0les plus r\u00e9pandus.\u00a0<\/span><\/p>\n<h3><strong>Noms collectifs<\/strong><\/h3>\n<p><span style=\"font-weight: 400;\">Les noms collectifs servent \u00e0 repr\u00e9senter un ensemble de personnes. Peu importe leur genre, ces mots permettent d\u2019englober autant les hommes, les femmes ou les personnes non binaires.\u00a0<\/span><\/p>\n<p><span style=\"font-weight: 400;\">Exemples\u00a0:\u00a0<\/span><\/p>\n<ul>\n<li style=\"font-weight: 400;\" aria-level=\"1\"><span style=\"font-weight: 400;\">Les citoyens et les citoyennes <\/span><span style=\"font-weight: 400;\">\ud83e\udc7a<\/span><span style=\"font-weight: 400;\"> La population<\/span><\/li>\n<li style=\"font-weight: 400;\" aria-level=\"1\"><span style=\"font-weight: 400;\">Les employ\u00e9s et employ\u00e9es <\/span><span style=\"font-weight: 400;\">\ud83e\udc7a<\/span><span style=\"font-weight: 400;\"> Le personnel<\/span><\/li>\n<li style=\"font-weight: 400;\" aria-level=\"1\"><span style=\"font-weight: 400;\">Les spectateurs et spectatrices <\/span><span style=\"font-weight: 400;\">\ud83e\udc7a<\/span><span style=\"font-weight: 400;\"> Le public\u00a0<\/span><\/li>\n<\/ul>\n<h3><span style=\"font-weight: 400;\"><strong>Mots \u00e9pic\u00e8nes<\/strong>\u00a0<\/span><\/h3>\n<p><span style=\"font-weight: 400;\">Les mots \u00e9pic\u00e8nes ont une forme permettant de d\u00e9signer \u00e0 la fois le genre masculin et le genre f\u00e9minin. Ces mots sont autant des noms, des adjectifs ou des pronoms.\u00a0<\/span><\/p>\n<ul>\n<li style=\"font-weight: 400;\" aria-level=\"1\"><span style=\"font-weight: 400;\">Les experts et les expertes <\/span><span style=\"font-weight: 400;\">\ud83e\udc7a<\/span><span style=\"font-weight: 400;\"> Les sp\u00e9cialistes\u00a0<\/span><\/li>\n<li style=\"font-weight: 400;\" aria-level=\"1\"><span style=\"font-weight: 400;\">Mes coll\u00e8gues sont gentils et gentilles <\/span><span style=\"font-weight: 400;\">\ud83e\udc7a<\/span><span style=\"font-weight: 400;\"> Mes coll\u00e8gues sont aimables\u00a0<\/span><\/li>\n<li style=\"font-weight: 400;\" aria-level=\"1\"><span style=\"font-weight: 400;\">Mes \u00e9tudiants, mes \u00e9tudiantes et moi <\/span><span style=\"font-weight: 400;\">\ud83e\udc7a<\/span><span style=\"font-weight: 400;\"> Nous\u00a0 <\/span><\/li>\n<\/ul>\n<h3><strong>N\u00e9opronoms<\/strong><\/h3>\n<p><span style=\"font-weight: 400;\">Les n\u00e9opronoms sont associ\u00e9s \u00e0 une cat\u00e9gorie de pronoms qui ne d\u00e9signent aucun genre (pronoms dits non-binaires). Le pronom \u00ab <\/span><i><span style=\"font-weight: 400;\">iel \u00bb <\/span><\/i><span style=\"font-weight: 400;\">est le n\u00e9opronom le plus r\u00e9pandu dans l\u2019usage et vise \u00e0 remplacer les pronoms \u201cil\u201d et \u201celle\u201d de sorte \u00e0 ne pas assumer du genre de la personne.\u00a0<\/span><\/p>\n<p><span style=\"font-weight: 400;\">Bien que certains dictionnaires comme le <\/span><a href=\"https:\/\/dictionnaire.lerobert.com\/dis-moi-robert\/raconte-moi-robert\/mot-jour\/pourquoi-le-robert-a-t-il-integre-le-mot-iel-dans-son-dictionnaire-en-ligne.html\" target=\"_blank\" rel=\"noopener\"><i><span style=\"font-weight: 400;\">Dico en ligne Le Petit Robert<\/span><\/i><\/a> <span style=\"font-weight: 400;\">aient officiellement int\u00e9gr\u00e9 le pronom iel, l\u2019utilisation de celui-ci reste un proc\u00e9d\u00e9 d\u2019\u00e9criture peu commun<\/span><span style=\"font-weight: 400;\">.<\/span><span style=\"font-weight: 400;\"> On conseille d&rsquo;utiliser les n\u00e9opronoms dans certains contextes comme dans une communication o\u00f9 l\u2019on s\u2019adresse \u00e0 une personne qui ne s\u2019identifie pas au mod\u00e8le binaire f\u00e9minin-masculin ou dont on ne conna\u00eet pas le genre. Par son utilisation encore marginale et la m\u00e9connaissance de nombreuses personnes, on tend \u00e0 l\u2019\u00e9viter dans les communications g\u00e9n\u00e9rales afin de ne pas nuire \u00e0 la clart\u00e9 ou la compr\u00e9hension d\u2019un texte.\u00a0<\/span><\/p>\n<ul>\n<li style=\"font-weight: 400;\" aria-level=\"1\"><span style=\"font-weight: 400;\">Ils travaillent au bureau <\/span><span style=\"font-weight: 400;\">\ud83e\udc7a<\/span><span style=\"font-weight: 400;\"> Iels travaillent au bureau\u00a0<\/span><\/li>\n<\/ul>\n<h3><strong>Doublets<\/strong><\/h3>\n<p><span style=\"font-weight: 400;\">Le doublet consiste \u00e0 employer, c\u00f4te \u00e0 c\u00f4te, la forme masculine et la forme f\u00e9minine d\u2019un mot. On favorise l\u2019emploi des doublets \u00e0 l\u2019emploi unique de la forme masculine dans un texte.\u00a0<\/span><\/p>\n<ul>\n<li style=\"font-weight: 400;\" aria-level=\"1\"><span style=\"font-weight: 400;\">Les r\u00e9dacteurs ont bien travaill\u00e9 <\/span><span style=\"font-weight: 400;\">\ud83e\udc7a<\/span><span style=\"font-weight: 400;\"> Les r\u00e9dacteurs et r\u00e9dactrices ont bien travaill\u00e9\u00a0<\/span><\/li>\n<li style=\"font-weight: 400;\" aria-level=\"1\"><span style=\"font-weight: 400;\">Les membres fondateurs de l\u2019Association <\/span><span style=\"font-weight: 400;\">\ud83e\udc7a<\/span><span style=\"font-weight: 400;\"> Les membres fondateurs et fondatrices de l\u2019Association<\/span><\/li>\n<\/ul>\n<h3><strong>Doublets abr\u00e9g\u00e9s\u00a0<\/strong><\/h3>\n<p><span style=\"font-weight: 400;\">L\u2019emploi constant des doublets peut alourdir un texte. La technique du doublet abr\u00e9g\u00e9 permet de distinguer que la terminaison genr\u00e9e d\u2019un mot par un signe typographique comme le point, le tiret ou la parenth\u00e8se. On utilise les doublets abr\u00e9g\u00e9s lorsqu\u2019on fait face \u00e0 des contraintes d\u2019espace comme dans un formulaire. Toutefois, on ne recommande pas son utilisation dans un long texte lorsque l\u2019accessibilit\u00e9 et la lisibilit\u00e9 constituent des enjeux<\/span><\/p>\n<ul>\n<li style=\"font-weight: 400;\" aria-level=\"1\"><span style=\"font-weight: 400;\">Les \u00e9tudiants et \u00e9tudiantes <\/span><span style=\"font-weight: 400;\">\ud83e\udc7a<\/span><span style=\"font-weight: 400;\"> Les \u00e9tudiant.e.s\u00a0<\/span><\/li>\n<li style=\"font-weight: 400;\" aria-level=\"1\"><span style=\"font-weight: 400;\">Les directeurs et directrices <\/span><span style=\"font-weight: 400;\">\ud83e\udc7a<\/span><span style=\"font-weight: 400;\"> Les directeur(-trice)s\u00a0<\/span><\/li>\n<li style=\"font-weight: 400;\" aria-level=\"1\"><span style=\"font-weight: 400;\">Les sportifs aguerris <\/span><span style=\"font-weight: 400;\">\ud83e\udc7a<\/span><span style=\"font-weight: 400;\"> Les sportif(-ive)s aguerri(e)s\u00a0<\/span><\/li>\n<\/ul>\n<p><span style=\"font-weight: 400;\">En employant des techniques d\u2019\u00e9criture inclusive au quotidien, vous <\/span><a href=\"https:\/\/thestorytelleragency.ca\/fr\/la-responsabilite-sociale-une-formule-gagnante-pour-les-entreprises\/\" rel=\"noopener\"><span style=\"font-weight: 400;\">int\u00e9grez ainsi de bonnes pratiques sociales au c\u0153ur de vos op\u00e9rations<\/span><\/a><span style=\"font-weight: 400;\">. Cette transition peut sembler intimidante. L\u2019\u00e9quipe The Storyteller peut vous \u00e9pauler dans la cr\u00e9ation de strat\u00e9gies et d&rsquo;outils pour faciliter le quotidien de vos \u00e9quipes. <\/span><a href=\"https:\/\/thestorytelleragency.ca\/fr\/nous-joindre\/\" rel=\"noopener\"><span style=\"font-weight: 400;\">Prenez rendez-vous pour en discuter d\u00e8s maintenant!<\/span><\/a><span style=\"font-weight: 400;\">\u00a0<\/span><\/p>\n","protected":false},"excerpt":{"rendered":"<p>Avez-vous entendu parler du concept d\u2019\u00e9criture inclusive?\u00a0 L\u2019\u00e9criture inclusive suscite des discussions anim\u00e9es autant au sein des grandes organisations publiques de la Francophonie mondiale qu\u2019autour de la machine \u00e0 caf\u00e9 au bureau.\u00a0 Nous r\u00e9pondons ici aux questions fr\u00e9quentes sur cette approche utilis\u00e9e en r\u00e9daction.\u00a0 &nbsp; Pourquoi parle-t-on d\u2019\u00e9criture inclusive\u2009? Le d\u00e9bat sur l\u2019utilisation de l\u2019\u00e9criture [&hellip;]<\/p>\n","protected":false},"author":1,"featured_media":255250,"comment_status":"open","ping_status":"open","sticky":false,"template":"","format":"standard","meta":{"_et_pb_use_builder":"on","_et_pb_old_content":"<span style=\"font-weight: 400;\">Avez-vous entendu parler du concept d\u2019\u00e9criture inclusive?\u00a0<\/span>\r\n\r\n<span style=\"font-weight: 400;\">L\u2019\u00e9criture inclusive suscite des discussions anim\u00e9es autant au sein des grandes organisations publiques de la Francophonie mondiale qu\u2019autour de la machine \u00e0 caf\u00e9 au bureau.\u00a0<\/span>\r\n\r\n<span style=\"font-weight: 400;\">Nous r\u00e9pondons ici aux questions fr\u00e9quentes sur cette approche utilis\u00e9e en r\u00e9daction.\u00a0<\/span>\r\n\r\n\u00a0\r\n<h2><strong>Pourquoi parle-t-on d\u2019\u00e9criture inclusive\u2009?<\/strong><\/h2>\r\n<span style=\"font-weight: 400;\">Le d\u00e9bat sur l\u2019utilisation de l\u2019\u00e9criture inclusive est n\u00e9 en r\u00e9action \u00e0 un certain statu quo de l\u2019\u00e9volution de la langue fran\u00e7aise.\u00a0<\/span>\r\n\r\n<span style=\"font-weight: 400;\">Les personnes en faveur de cette approche croient que <\/span><b>la langue fran\u00e7aise n\u2019\u00e9volue pas au m\u00eame rythme que les valeurs d\u2019\u00e9galit\u00e9 et de diversit\u00e9 de notre soci\u00e9t\u00e9<\/b><span style=\"font-weight: 400;\">. Pensons au droit de vote des femmes et \u00e0 la l\u00e9galisation du mariage homosexuel.\u00a0<\/span>\r\n\r\n<span style=\"font-weight: 400;\">Toutefois, bien que les titres de professions de langue fran\u00e7aise soient 100\u00a0% f\u00e9minis\u00e9s depuis 1981 au Canada <\/span><span style=\"font-weight: 400;\">, la r\u00e8gle stipulant que le <\/span><i><span style=\"font-weight: 400;\">masculin l\u2019emporte sur le f\u00e9minin <\/span><\/i><span style=\"font-weight: 400;\">est encore bien pr\u00e9sente.\u00a0<\/span>\r\n\r\n\u00a0\r\n<h2><strong>Qu\u2019est-ce que l\u2019\u00e9criture inclusive?\u00a0<\/strong><\/h2>\r\n<span style=\"font-weight: 400;\">L\u2019\u00e9criture inclusive est un style r\u00e9dactionnel contemporain. Il consiste \u00e0 utiliser des techniques linguistiques pour favoriser l\u2019inclusion identitaire et l\u2019\u00e9galit\u00e9 des genres pour favoriser une formulation neutre de la langue.\u00a0\u00a0<\/span>\r\n\r\n<span style=\"font-weight: 400;\">Plusieurs termes sont utilis\u00e9s dans la m\u00eame famille que l\u2019\u00e9criture inclusive. Par exemple, l\u2019<\/span><b>\u00e9criture \u00e9pic\u00e8ne<\/b><span style=\"font-weight: 400;\">, <\/span><span style=\"font-weight: 400;\">que nous abordons plus pr\u00e9cis\u00e9ment dans une section de cet article<\/span><i><span style=\"font-weight: 400;\">,<\/span><\/i><span style=\"font-weight: 400;\">, se veut une pratique d\u2019\u00e9criture o\u00f9 les noms ont la m\u00eame forme aux deux genres ou peuvent d\u00e9signer indiff\u00e9remment un homme ou une femme.\u00a0\u00a0<\/span>\r\n\r\n\u00a0\r\n<h2><strong>D\u2019o\u00f9 vient le concept d\u2019\u00e9criture inclusive\u2009?\u00a0<\/strong><\/h2>\r\n<span style=\"font-weight: 400;\">L\u2019\u00e9criture dite inclusive a d\u2019abord pris la forme du <\/span><b>genre neutre qui \u00e9tait bien vivant en latin<\/b><span style=\"font-weight: 400;\">. Au 16<\/span><span style=\"font-weight: 400;\">e<\/span><span style=\"font-weight: 400;\">\u00a0si\u00e8cle, en France, on d\u00e9signa le fran\u00e7ais comme langue administrative au d\u00e9triment du latin. \u00a0Le genre neutre fut aboli. Au 17<\/span><span style=\"font-weight: 400;\">e<\/span><span style=\"font-weight: 400;\">\u00a0si\u00e8cle, \u00e0 la suite d\u2019une d\u00e9claration d\u2019un grammairien de renom, la langue se masculinise.<\/span>\r\n\r\n<span style=\"font-weight: 400;\">\u00ab\u2009Le genre masculin \u00e9tant le plus noble, il doit pr\u00e9dominer chaque fois que le masculin et le f\u00e9minin se trouvent ensemble\u2009\u00bb. (Vaugelas, 1647)<\/span><span style=\"font-weight: 400;\">\u00a0<\/span>\r\n\r\n<span style=\"font-weight: 400;\">On assiste \u00e0 un retour de la f\u00e9minisation avec la croissance du nombre de femmes sur le march\u00e9 du travail. La mise \u00e0 jour des appellations d\u2019emploi au Canada est le premier pas d\u2019un vaste chantier de f\u00e9minisation en langue fran\u00e7aise au pays.\u00a0<\/span>\r\n\r\n\u00a0\r\n<h2><strong>L\u2019\u00e9criture inclusive est-elle utilis\u00e9e ailleurs qu\u2019en francophonie canadienne?\u00a0<\/strong><\/h2>\r\n<span style=\"font-weight: 400;\">L\u2019\u00e9criture inclusive est discut\u00e9e, d\u00e9battue et utilis\u00e9e dans de nombreux pays francophones.\u00a0<\/span>\r\n\r\n<span style=\"font-weight: 400;\">L\u2019Acad\u00e9mie fran\u00e7aise, l\u2019institution qui veille sur la langue fran\u00e7aise depuis plusieurs si\u00e8cles, s<\/span><a href=\"https:\/\/www.academie-francaise.fr\/actualites\/lettre-ouverte-sur-lecriture-inclusive\" target=\"_blank\" rel=\"noopener\"><span style=\"font-weight: 400;\">\u2019oppose fermement \u00e0 cette approche<\/span><\/a><span style=\"font-weight: 400;\"> en la qualifiant de \u00ab\u2009<\/span><b>nuisible \u00e0 la pratique et \u00e0 l\u2019intelligibilit\u00e9 de la langue fran\u00e7aise<\/b><span style=\"font-weight: 400;\"> \u00bb. Toutefois, de nombreuses institutions estiment que l\u2019\u00e9criture inclusive est une <\/span><b>fa\u00e7on de bien repr\u00e9senter et inclure les membres de la soci\u00e9t\u00e9.\u00a0<\/b>\r\n\r\n<span style=\"font-weight: 400;\">Sur le continent europ\u00e9en, la F\u00e9d\u00e9ration Wallonie-Bruxelles, en Belgique, vient d\u2019imposer un <\/span><a href=\"https:\/\/www.lesoir.be\/397234\/article\/2021-09-28\/un-decret-pour-ecrire-de-facon-inclusive-sans-etre-illisible\" target=\"_blank\" rel=\"noopener\"><span style=\"font-weight: 400;\">d\u00e9cret<\/span><\/a><span style=\"font-weight: 400;\"> visant \u00e0 imposer l\u2019\u00e9criture inclusive au sein de ses institutions. Le Parlement europ\u00e9en a mis \u00e0 jour ses <\/span><a href=\"https:\/\/www.europarl.europa.eu\/cmsdata\/187098\/GNL_Guidelines_FR-original.pdf\" target=\"_blank\" rel=\"noopener\"><span style=\"font-weight: 400;\">lignes directrices multilingues<\/span><\/a><span style=\"font-weight: 400;\"> en mati\u00e8re de langage neutre en 2018. Du c\u00f4t\u00e9 canadien, c\u2019est \u00e0 l\u2019automne\u00a02022 que le gouvernement a cr\u00e9\u00e9 un <\/span><a href=\"https:\/\/www.noslangues-ourlanguages.gc.ca\/fr\/cles-de-la-redaction\/ecriture-inclusive-lignes-directrices-ressources\" target=\"_blank\" rel=\"noopener\"><span style=\"font-weight: 400;\">outil sp\u00e9cialis\u00e9<\/span><\/a><span style=\"font-weight: 400;\"> visant \u00e0 offrir des recommandations pratiques en mati\u00e8re d\u2019\u00e9criture inclusive.\u00a0<\/span>\r\n\r\n\u00a0\r\n<h2><strong>Quelles sont les formes d\u2019\u00e9criture inclusive\u2009?\u00a0<\/strong><\/h2>\r\n<span style=\"font-weight: 400;\">L\u2019\u00e9criture inclusive comprend plusieurs proc\u00e9d\u00e9s. L\u2019objectif premier de cette approche est d\u2019utiliser les ressources existantes et accessibles de la langue fran\u00e7aise. Voici quelques-uns des proc\u00e9d\u00e9s\u00a0les plus r\u00e9pandus.\u00a0<\/span>\r\n<h3><strong>Noms collectifs<\/strong><\/h3>\r\n<span style=\"font-weight: 400;\">Les noms collectifs servent \u00e0 repr\u00e9senter un ensemble de personnes. Peu importe leur genre, ces mots permettent d\u2019englober autant les hommes, les femmes ou les personnes non binaires.\u00a0<\/span>\r\n\r\n<span style=\"font-weight: 400;\">Exemples\u00a0:\u00a0<\/span>\r\n<ul>\r\n \t<li style=\"font-weight: 400;\" aria-level=\"1\"><span style=\"font-weight: 400;\">Les citoyens et les citoyennes <\/span><span style=\"font-weight: 400;\">\ud83e\udc7a<\/span><span style=\"font-weight: 400;\"> La population<\/span><\/li>\r\n \t<li style=\"font-weight: 400;\" aria-level=\"1\"><span style=\"font-weight: 400;\">Les employ\u00e9s et employ\u00e9es <\/span><span style=\"font-weight: 400;\">\ud83e\udc7a<\/span><span style=\"font-weight: 400;\"> Le personnel<\/span><\/li>\r\n \t<li style=\"font-weight: 400;\" aria-level=\"1\"><span style=\"font-weight: 400;\">Les spectateurs et spectatrices <\/span><span style=\"font-weight: 400;\">\ud83e\udc7a<\/span><span style=\"font-weight: 400;\"> Le public\u00a0<\/span><\/li>\r\n<\/ul>\r\n<h3><span style=\"font-weight: 400;\"><strong>Mots \u00e9pic\u00e8nes<\/strong>\u00a0<\/span><\/h3>\r\n<span style=\"font-weight: 400;\">Les mots \u00e9pic\u00e8nes ont une forme permettant de d\u00e9signer \u00e0 la fois le genre masculin et le genre f\u00e9minin. Ces mots sont autant des noms, des adjectifs ou des pronoms.\u00a0<\/span>\r\n<ul>\r\n \t<li style=\"font-weight: 400;\" aria-level=\"1\"><span style=\"font-weight: 400;\">Les experts et les expertes <\/span><span style=\"font-weight: 400;\">\ud83e\udc7a<\/span><span style=\"font-weight: 400;\"> Les sp\u00e9cialistes\u00a0<\/span><\/li>\r\n \t<li style=\"font-weight: 400;\" aria-level=\"1\"><span style=\"font-weight: 400;\">Mes coll\u00e8gues sont gentils et gentilles <\/span><span style=\"font-weight: 400;\">\ud83e\udc7a<\/span><span style=\"font-weight: 400;\"> Mes coll\u00e8gues sont aimables\u00a0<\/span><\/li>\r\n \t<li style=\"font-weight: 400;\" aria-level=\"1\"><span style=\"font-weight: 400;\">Mes \u00e9tudiants, mes \u00e9tudiantes et moi <\/span><span style=\"font-weight: 400;\">\ud83e\udc7a<\/span><span style=\"font-weight: 400;\"> Nous\u00a0 <\/span><\/li>\r\n<\/ul>\r\n<h3><strong>N\u00e9opronoms<\/strong><\/h3>\r\n<span style=\"font-weight: 400;\">Les n\u00e9opronoms sont associ\u00e9s \u00e0 une cat\u00e9gorie de pronoms qui ne d\u00e9signent aucun genre (pronoms dits non-binaires). Le pronom \u00ab <\/span><i><span style=\"font-weight: 400;\">iel \u00bb <\/span><\/i><span style=\"font-weight: 400;\">est le n\u00e9opronom le plus r\u00e9pandu dans l\u2019usage et vise \u00e0 remplacer les pronoms \u201cil\u201d et \u201celle\u201d de sorte \u00e0 ne pas assumer du genre de la personne.\u00a0<\/span>\r\n\r\n<span style=\"font-weight: 400;\">Bien que certains dictionnaires comme le <\/span><a href=\"https:\/\/dictionnaire.lerobert.com\/dis-moi-robert\/raconte-moi-robert\/mot-jour\/pourquoi-le-robert-a-t-il-integre-le-mot-iel-dans-son-dictionnaire-en-ligne.html\" target=\"_blank\" rel=\"noopener\"><i><span style=\"font-weight: 400;\">Dico en ligne Le Petit Robert<\/span><\/i><\/a> <span style=\"font-weight: 400;\">aient officiellement int\u00e9gr\u00e9 le pronom iel, l\u2019utilisation de celui-ci reste un proc\u00e9d\u00e9 d\u2019\u00e9criture peu commun<\/span><span style=\"font-weight: 400;\">.<\/span><span style=\"font-weight: 400;\"> On conseille d'utiliser les n\u00e9opronoms dans certains contextes comme dans une communication o\u00f9 l\u2019on s\u2019adresse \u00e0 une personne qui ne s\u2019identifie pas au mod\u00e8le binaire f\u00e9minin-masculin ou dont on ne conna\u00eet pas le genre. Par son utilisation encore marginale et la m\u00e9connaissance de nombreuses personnes, on tend \u00e0 l\u2019\u00e9viter dans les communications g\u00e9n\u00e9rales afin de ne pas nuire \u00e0 la clart\u00e9 ou la compr\u00e9hension d\u2019un texte.\u00a0<\/span>\r\n<ul>\r\n \t<li style=\"font-weight: 400;\" aria-level=\"1\"><span style=\"font-weight: 400;\">Ils travaillent au bureau <\/span><span style=\"font-weight: 400;\">\ud83e\udc7a<\/span><span style=\"font-weight: 400;\"> Iels travaillent au bureau\u00a0<\/span><\/li>\r\n<\/ul>\r\n<h3><strong>Doublets<\/strong><\/h3>\r\n<span style=\"font-weight: 400;\">Le doublet consiste \u00e0 employer, c\u00f4te \u00e0 c\u00f4te, la forme masculine et la forme f\u00e9minine d\u2019un mot. On favorise l\u2019emploi des doublets \u00e0 l\u2019emploi unique de la forme masculine dans un texte.\u00a0<\/span>\r\n<ul>\r\n \t<li style=\"font-weight: 400;\" aria-level=\"1\"><span style=\"font-weight: 400;\">Les r\u00e9dacteurs ont bien travaill\u00e9 <\/span><span style=\"font-weight: 400;\">\ud83e\udc7a<\/span><span style=\"font-weight: 400;\"> Les r\u00e9dacteurs et r\u00e9dactrices ont bien travaill\u00e9\u00a0<\/span><\/li>\r\n \t<li style=\"font-weight: 400;\" aria-level=\"1\"><span style=\"font-weight: 400;\">Les membres fondateurs de l\u2019Association <\/span><span style=\"font-weight: 400;\">\ud83e\udc7a<\/span><span style=\"font-weight: 400;\"> Les membres fondateurs et fondatrices de l\u2019Association<\/span><\/li>\r\n<\/ul>\r\n<h3><strong>Doublets abr\u00e9g\u00e9s\u00a0<\/strong><\/h3>\r\n<span style=\"font-weight: 400;\">L\u2019emploi constant des doublets peut alourdir un texte. La technique du doublet abr\u00e9g\u00e9 permet de distinguer que la terminaison genr\u00e9e d\u2019un mot par un signe typographique comme le point, le tiret ou la parenth\u00e8se. On utilise les doublets abr\u00e9g\u00e9s lorsqu\u2019on fait face \u00e0 des contraintes d\u2019espace comme dans un formulaire. Toutefois, on ne recommande pas son utilisation dans un long texte lorsque l\u2019accessibilit\u00e9 et la lisibilit\u00e9 constituent des enjeux<\/span>\r\n<ul>\r\n \t<li style=\"font-weight: 400;\" aria-level=\"1\"><span style=\"font-weight: 400;\">Les \u00e9tudiants et \u00e9tudiantes <\/span><span style=\"font-weight: 400;\">\ud83e\udc7a<\/span><span style=\"font-weight: 400;\"> Les \u00e9tudiant.e.s\u00a0<\/span><\/li>\r\n \t<li style=\"font-weight: 400;\" aria-level=\"1\"><span style=\"font-weight: 400;\">Les directeurs et directrices <\/span><span style=\"font-weight: 400;\">\ud83e\udc7a<\/span><span style=\"font-weight: 400;\"> Les directeur(-trice)s\u00a0<\/span><\/li>\r\n \t<li style=\"font-weight: 400;\" aria-level=\"1\"><span style=\"font-weight: 400;\">Les sportifs aguerris <\/span><span style=\"font-weight: 400;\">\ud83e\udc7a<\/span><span style=\"font-weight: 400;\"> Les sportif(-ive)s aguerri(e)s\u00a0<\/span><\/li>\r\n<\/ul>\r\n<span style=\"font-weight: 400;\">En employant des techniques d\u2019\u00e9criture inclusive au quotidien, vous <\/span><a href=\"https:\/\/thestorytelleragency.ca\/fr\/la-responsabilite-sociale-une-formule-gagnante-pour-les-entreprises\/\" rel=\"noopener\"><span style=\"font-weight: 400;\">int\u00e9grez ainsi de bonnes pratiques sociales au c\u0153ur de vos op\u00e9rations<\/span><\/a><span style=\"font-weight: 400;\">. Cette transition peut sembler intimidante. L\u2019\u00e9quipe The Storyteller peut vous \u00e9pauler dans la cr\u00e9ation de strat\u00e9gies et d'outils pour faciliter le quotidien de vos \u00e9quipes. <\/span><a href=\"https:\/\/thestorytelleragency.ca\/fr\/nous-joindre\/\" rel=\"noopener\"><span style=\"font-weight: 400;\">Prenez rendez-vous pour en discuter d\u00e8s maintenant!<\/span><\/a><span style=\"font-weight: 400;\">\u00a0<\/span>","_et_gb_content_width":"","footnotes":""},"categories":[141],"tags":[],"class_list":["post-255249","post","type-post","status-publish","format-standard","has-post-thumbnail","hentry","category-marketing-de-contenu"],"yoast_head":"<!-- This site is optimized with the Yoast SEO plugin v27.2 - https:\/\/yoast.com\/product\/yoast-seo-wordpress\/ -->\n<title>D\u00e9mystifier l&#039;\u00e9criture inclusive - The Storyteller<\/title>\n<meta name=\"description\" content=\"Voici des r\u00e9ponses aux questions fr\u00e9quentes au sujet du concept d\u2019\u00e9criture inclusive largement utilis\u00e9 en r\u00e9daction fran\u00e7aise.\" \/>\n<meta name=\"robots\" content=\"index, follow, max-snippet:-1, max-image-preview:large, max-video-preview:-1\" \/>\n<link rel=\"canonical\" href=\"https:\/\/thestorytelleragency.ca\/fr\/blogue\/ecriture-inclusive\/\" \/>\n<meta property=\"og:locale\" content=\"fr_FR\" \/>\n<meta property=\"og:type\" content=\"article\" \/>\n<meta property=\"og:title\" content=\"D\u00e9mystifier l&#039;\u00e9criture inclusive - The Storyteller\" \/>\n<meta property=\"og:description\" content=\"Voici des r\u00e9ponses aux questions fr\u00e9quentes au sujet du concept d\u2019\u00e9criture inclusive largement utilis\u00e9 en r\u00e9daction fran\u00e7aise.\" \/>\n<meta property=\"og:url\" content=\"https:\/\/thestorytelleragency.ca\/fr\/blogue\/ecriture-inclusive\/\" \/>\n<meta property=\"og:site_name\" content=\"The Storyteller\" \/>\n<meta property=\"article:published_time\" content=\"2023-03-08T15:33:00+00:00\" \/>\n<meta property=\"article:modified_time\" content=\"2025-08-07T19:47:32+00:00\" \/>\n<meta property=\"og:image\" content=\"https:\/\/thestorytelleragency.ca\/wp-content\/uploads\/2023\/03\/inclusivity.jpg\" \/>\n\t<meta property=\"og:image:width\" content=\"1920\" \/>\n\t<meta property=\"og:image:height\" content=\"1280\" \/>\n\t<meta property=\"og:image:type\" content=\"image\/jpeg\" \/>\n<meta name=\"author\" content=\"admin\" \/>\n<meta name=\"twitter:card\" content=\"summary_large_image\" \/>\n<meta name=\"twitter:label1\" content=\"\u00c9crit par\" \/>\n\t<meta name=\"twitter:data1\" content=\"admin\" \/>\n\t<meta name=\"twitter:label2\" content=\"Dur\u00e9e de lecture estim\u00e9e\" \/>\n\t<meta name=\"twitter:data2\" content=\"5 minutes\" \/>\n<script type=\"application\/ld+json\" class=\"yoast-schema-graph\">{\"@context\":\"https:\/\/schema.org\",\"@graph\":[{\"@type\":\"Article\",\"@id\":\"https:\/\/thestorytelleragency.ca\/fr\/blogue\/ecriture-inclusive\/#article\",\"isPartOf\":{\"@id\":\"https:\/\/thestorytelleragency.ca\/fr\/blogue\/ecriture-inclusive\/\"},\"author\":{\"name\":\"admin\",\"@id\":\"https:\/\/thestorytelleragency.ca\/fr\/#\/schema\/person\/8723ef4ba8ac2728c94b31cb86b74139\"},\"headline\":\"D\u00e9mystifier l&rsquo;\u00e9criture inclusive\",\"datePublished\":\"2023-03-08T15:33:00+00:00\",\"dateModified\":\"2025-08-07T19:47:32+00:00\",\"mainEntityOfPage\":{\"@id\":\"https:\/\/thestorytelleragency.ca\/fr\/blogue\/ecriture-inclusive\/\"},\"wordCount\":1143,\"commentCount\":0,\"publisher\":{\"@id\":\"https:\/\/thestorytelleragency.ca\/fr\/#organization\"},\"image\":{\"@id\":\"https:\/\/thestorytelleragency.ca\/fr\/blogue\/ecriture-inclusive\/#primaryimage\"},\"thumbnailUrl\":\"https:\/\/thestorytelleragency.ca\/wp-content\/uploads\/2023\/03\/inclusivity.jpg\",\"articleSection\":[\"Marketing de Contenu\"],\"inLanguage\":\"fr-FR\",\"potentialAction\":[{\"@type\":\"CommentAction\",\"name\":\"Comment\",\"target\":[\"https:\/\/thestorytelleragency.ca\/fr\/blogue\/ecriture-inclusive\/#respond\"]}]},{\"@type\":\"WebPage\",\"@id\":\"https:\/\/thestorytelleragency.ca\/fr\/blogue\/ecriture-inclusive\/\",\"url\":\"https:\/\/thestorytelleragency.ca\/fr\/blogue\/ecriture-inclusive\/\",\"name\":\"D\u00e9mystifier l'\u00e9criture inclusive - The Storyteller\",\"isPartOf\":{\"@id\":\"https:\/\/thestorytelleragency.ca\/fr\/#website\"},\"primaryImageOfPage\":{\"@id\":\"https:\/\/thestorytelleragency.ca\/fr\/blogue\/ecriture-inclusive\/#primaryimage\"},\"image\":{\"@id\":\"https:\/\/thestorytelleragency.ca\/fr\/blogue\/ecriture-inclusive\/#primaryimage\"},\"thumbnailUrl\":\"https:\/\/thestorytelleragency.ca\/wp-content\/uploads\/2023\/03\/inclusivity.jpg\",\"datePublished\":\"2023-03-08T15:33:00+00:00\",\"dateModified\":\"2025-08-07T19:47:32+00:00\",\"description\":\"Voici des r\u00e9ponses aux questions fr\u00e9quentes au sujet du concept d\u2019\u00e9criture inclusive largement utilis\u00e9 en r\u00e9daction fran\u00e7aise.\",\"breadcrumb\":{\"@id\":\"https:\/\/thestorytelleragency.ca\/fr\/blogue\/ecriture-inclusive\/#breadcrumb\"},\"inLanguage\":\"fr-FR\",\"potentialAction\":[{\"@type\":\"ReadAction\",\"target\":[\"https:\/\/thestorytelleragency.ca\/fr\/blogue\/ecriture-inclusive\/\"]}]},{\"@type\":\"ImageObject\",\"inLanguage\":\"fr-FR\",\"@id\":\"https:\/\/thestorytelleragency.ca\/fr\/blogue\/ecriture-inclusive\/#primaryimage\",\"url\":\"https:\/\/thestorytelleragency.ca\/wp-content\/uploads\/2023\/03\/inclusivity.jpg\",\"contentUrl\":\"https:\/\/thestorytelleragency.ca\/wp-content\/uploads\/2023\/03\/inclusivity.jpg\",\"width\":1920,\"height\":1280,\"caption\":\"D\u00e9mystifier l'\u00e9criture inclusive\"},{\"@type\":\"BreadcrumbList\",\"@id\":\"https:\/\/thestorytelleragency.ca\/fr\/blogue\/ecriture-inclusive\/#breadcrumb\",\"itemListElement\":[{\"@type\":\"ListItem\",\"position\":1,\"name\":\"Home\",\"item\":\"https:\/\/thestorytelleragency.ca\/fr\/\"},{\"@type\":\"ListItem\",\"position\":2,\"name\":\"D\u00e9mystifier l&#8217;\u00e9criture inclusive\"}]},{\"@type\":\"WebSite\",\"@id\":\"https:\/\/thestorytelleragency.ca\/fr\/#website\",\"url\":\"https:\/\/thestorytelleragency.ca\/fr\/\",\"name\":\"The Storyteller\",\"description\":\"Authentic Marketing Agency\",\"publisher\":{\"@id\":\"https:\/\/thestorytelleragency.ca\/fr\/#organization\"},\"potentialAction\":[{\"@type\":\"SearchAction\",\"target\":{\"@type\":\"EntryPoint\",\"urlTemplate\":\"https:\/\/thestorytelleragency.ca\/fr\/?s={search_term_string}\"},\"query-input\":{\"@type\":\"PropertyValueSpecification\",\"valueRequired\":true,\"valueName\":\"search_term_string\"}}],\"inLanguage\":\"fr-FR\"},{\"@type\":\"Organization\",\"@id\":\"https:\/\/thestorytelleragency.ca\/fr\/#organization\",\"name\":\"The Storyteller - Authentic Marketing Agency\",\"alternateName\":\"Authentic Marketing Agency\",\"url\":\"https:\/\/thestorytelleragency.ca\/fr\/\",\"logo\":{\"@type\":\"ImageObject\",\"inLanguage\":\"fr-FR\",\"@id\":\"https:\/\/thestorytelleragency.ca\/fr\/#\/schema\/logo\/image\/\",\"url\":\"https:\/\/thestorytelleragency.ca\/wp-content\/uploads\/2020\/10\/storyteller_favicon.jpg\",\"contentUrl\":\"https:\/\/thestorytelleragency.ca\/wp-content\/uploads\/2020\/10\/storyteller_favicon.jpg\",\"width\":494,\"height\":494,\"caption\":\"The Storyteller - Authentic Marketing Agency\"},\"image\":{\"@id\":\"https:\/\/thestorytelleragency.ca\/fr\/#\/schema\/logo\/image\/\"},\"sameAs\":[\"https:\/\/www.linkedin.com\/company\/thestorytelleragency\/\"]},{\"@type\":\"Person\",\"@id\":\"https:\/\/thestorytelleragency.ca\/fr\/#\/schema\/person\/8723ef4ba8ac2728c94b31cb86b74139\",\"name\":\"admin\",\"image\":{\"@type\":\"ImageObject\",\"inLanguage\":\"fr-FR\",\"@id\":\"https:\/\/thestorytelleragency.ca\/wp-content\/litespeed\/avatar\/999675a2758ff4ce402a23885ea7a061.jpg?ver=1777314171\",\"url\":\"https:\/\/thestorytelleragency.ca\/wp-content\/litespeed\/avatar\/999675a2758ff4ce402a23885ea7a061.jpg?ver=1777314171\",\"contentUrl\":\"https:\/\/thestorytelleragency.ca\/wp-content\/litespeed\/avatar\/999675a2758ff4ce402a23885ea7a061.jpg?ver=1777314171\",\"caption\":\"admin\"},\"sameAs\":[\"http:\/\/thestory.mywhc.ca\/\"],\"url\":\"https:\/\/thestorytelleragency.ca\/fr\/blog\/author\/admin\/\"}]}<\/script>\n<!-- \/ Yoast SEO plugin. -->","yoast_head_json":{"title":"D\u00e9mystifier l'\u00e9criture inclusive - The Storyteller","description":"Voici des r\u00e9ponses aux questions fr\u00e9quentes au sujet du concept d\u2019\u00e9criture inclusive largement utilis\u00e9 en r\u00e9daction fran\u00e7aise.","robots":{"index":"index","follow":"follow","max-snippet":"max-snippet:-1","max-image-preview":"max-image-preview:large","max-video-preview":"max-video-preview:-1"},"canonical":"https:\/\/thestorytelleragency.ca\/fr\/blogue\/ecriture-inclusive\/","og_locale":"fr_FR","og_type":"article","og_title":"D\u00e9mystifier l'\u00e9criture inclusive - The Storyteller","og_description":"Voici des r\u00e9ponses aux questions fr\u00e9quentes au sujet du concept d\u2019\u00e9criture inclusive largement utilis\u00e9 en r\u00e9daction fran\u00e7aise.","og_url":"https:\/\/thestorytelleragency.ca\/fr\/blogue\/ecriture-inclusive\/","og_site_name":"The Storyteller","article_published_time":"2023-03-08T15:33:00+00:00","article_modified_time":"2025-08-07T19:47:32+00:00","og_image":[{"width":1920,"height":1280,"url":"https:\/\/thestorytelleragency.ca\/wp-content\/uploads\/2023\/03\/inclusivity.jpg","type":"image\/jpeg"}],"author":"admin","twitter_card":"summary_large_image","twitter_misc":{"\u00c9crit par":"admin","Dur\u00e9e de lecture estim\u00e9e":"5 minutes"},"schema":{"@context":"https:\/\/schema.org","@graph":[{"@type":"Article","@id":"https:\/\/thestorytelleragency.ca\/fr\/blogue\/ecriture-inclusive\/#article","isPartOf":{"@id":"https:\/\/thestorytelleragency.ca\/fr\/blogue\/ecriture-inclusive\/"},"author":{"name":"admin","@id":"https:\/\/thestorytelleragency.ca\/fr\/#\/schema\/person\/8723ef4ba8ac2728c94b31cb86b74139"},"headline":"D\u00e9mystifier l&rsquo;\u00e9criture inclusive","datePublished":"2023-03-08T15:33:00+00:00","dateModified":"2025-08-07T19:47:32+00:00","mainEntityOfPage":{"@id":"https:\/\/thestorytelleragency.ca\/fr\/blogue\/ecriture-inclusive\/"},"wordCount":1143,"commentCount":0,"publisher":{"@id":"https:\/\/thestorytelleragency.ca\/fr\/#organization"},"image":{"@id":"https:\/\/thestorytelleragency.ca\/fr\/blogue\/ecriture-inclusive\/#primaryimage"},"thumbnailUrl":"https:\/\/thestorytelleragency.ca\/wp-content\/uploads\/2023\/03\/inclusivity.jpg","articleSection":["Marketing de Contenu"],"inLanguage":"fr-FR","potentialAction":[{"@type":"CommentAction","name":"Comment","target":["https:\/\/thestorytelleragency.ca\/fr\/blogue\/ecriture-inclusive\/#respond"]}]},{"@type":"WebPage","@id":"https:\/\/thestorytelleragency.ca\/fr\/blogue\/ecriture-inclusive\/","url":"https:\/\/thestorytelleragency.ca\/fr\/blogue\/ecriture-inclusive\/","name":"D\u00e9mystifier l'\u00e9criture inclusive - The Storyteller","isPartOf":{"@id":"https:\/\/thestorytelleragency.ca\/fr\/#website"},"primaryImageOfPage":{"@id":"https:\/\/thestorytelleragency.ca\/fr\/blogue\/ecriture-inclusive\/#primaryimage"},"image":{"@id":"https:\/\/thestorytelleragency.ca\/fr\/blogue\/ecriture-inclusive\/#primaryimage"},"thumbnailUrl":"https:\/\/thestorytelleragency.ca\/wp-content\/uploads\/2023\/03\/inclusivity.jpg","datePublished":"2023-03-08T15:33:00+00:00","dateModified":"2025-08-07T19:47:32+00:00","description":"Voici des r\u00e9ponses aux questions fr\u00e9quentes au sujet du concept d\u2019\u00e9criture inclusive largement utilis\u00e9 en r\u00e9daction fran\u00e7aise.","breadcrumb":{"@id":"https:\/\/thestorytelleragency.ca\/fr\/blogue\/ecriture-inclusive\/#breadcrumb"},"inLanguage":"fr-FR","potentialAction":[{"@type":"ReadAction","target":["https:\/\/thestorytelleragency.ca\/fr\/blogue\/ecriture-inclusive\/"]}]},{"@type":"ImageObject","inLanguage":"fr-FR","@id":"https:\/\/thestorytelleragency.ca\/fr\/blogue\/ecriture-inclusive\/#primaryimage","url":"https:\/\/thestorytelleragency.ca\/wp-content\/uploads\/2023\/03\/inclusivity.jpg","contentUrl":"https:\/\/thestorytelleragency.ca\/wp-content\/uploads\/2023\/03\/inclusivity.jpg","width":1920,"height":1280,"caption":"D\u00e9mystifier l'\u00e9criture inclusive"},{"@type":"BreadcrumbList","@id":"https:\/\/thestorytelleragency.ca\/fr\/blogue\/ecriture-inclusive\/#breadcrumb","itemListElement":[{"@type":"ListItem","position":1,"name":"Home","item":"https:\/\/thestorytelleragency.ca\/fr\/"},{"@type":"ListItem","position":2,"name":"D\u00e9mystifier l&#8217;\u00e9criture inclusive"}]},{"@type":"WebSite","@id":"https:\/\/thestorytelleragency.ca\/fr\/#website","url":"https:\/\/thestorytelleragency.ca\/fr\/","name":"The Storyteller","description":"Authentic Marketing Agency","publisher":{"@id":"https:\/\/thestorytelleragency.ca\/fr\/#organization"},"potentialAction":[{"@type":"SearchAction","target":{"@type":"EntryPoint","urlTemplate":"https:\/\/thestorytelleragency.ca\/fr\/?s={search_term_string}"},"query-input":{"@type":"PropertyValueSpecification","valueRequired":true,"valueName":"search_term_string"}}],"inLanguage":"fr-FR"},{"@type":"Organization","@id":"https:\/\/thestorytelleragency.ca\/fr\/#organization","name":"The Storyteller - Authentic Marketing Agency","alternateName":"Authentic Marketing Agency","url":"https:\/\/thestorytelleragency.ca\/fr\/","logo":{"@type":"ImageObject","inLanguage":"fr-FR","@id":"https:\/\/thestorytelleragency.ca\/fr\/#\/schema\/logo\/image\/","url":"https:\/\/thestorytelleragency.ca\/wp-content\/uploads\/2020\/10\/storyteller_favicon.jpg","contentUrl":"https:\/\/thestorytelleragency.ca\/wp-content\/uploads\/2020\/10\/storyteller_favicon.jpg","width":494,"height":494,"caption":"The Storyteller - Authentic Marketing Agency"},"image":{"@id":"https:\/\/thestorytelleragency.ca\/fr\/#\/schema\/logo\/image\/"},"sameAs":["https:\/\/www.linkedin.com\/company\/thestorytelleragency\/"]},{"@type":"Person","@id":"https:\/\/thestorytelleragency.ca\/fr\/#\/schema\/person\/8723ef4ba8ac2728c94b31cb86b74139","name":"admin","image":{"@type":"ImageObject","inLanguage":"fr-FR","@id":"https:\/\/thestorytelleragency.ca\/wp-content\/litespeed\/avatar\/999675a2758ff4ce402a23885ea7a061.jpg?ver=1777314171","url":"https:\/\/thestorytelleragency.ca\/wp-content\/litespeed\/avatar\/999675a2758ff4ce402a23885ea7a061.jpg?ver=1777314171","contentUrl":"https:\/\/thestorytelleragency.ca\/wp-content\/litespeed\/avatar\/999675a2758ff4ce402a23885ea7a061.jpg?ver=1777314171","caption":"admin"},"sameAs":["http:\/\/thestory.mywhc.ca\/"],"url":"https:\/\/thestorytelleragency.ca\/fr\/blog\/author\/admin\/"}]}},"_links":{"self":[{"href":"https:\/\/thestorytelleragency.ca\/fr\/wp-json\/wp\/v2\/posts\/255249","targetHints":{"allow":["GET"]}}],"collection":[{"href":"https:\/\/thestorytelleragency.ca\/fr\/wp-json\/wp\/v2\/posts"}],"about":[{"href":"https:\/\/thestorytelleragency.ca\/fr\/wp-json\/wp\/v2\/types\/post"}],"author":[{"embeddable":true,"href":"https:\/\/thestorytelleragency.ca\/fr\/wp-json\/wp\/v2\/users\/1"}],"replies":[{"embeddable":true,"href":"https:\/\/thestorytelleragency.ca\/fr\/wp-json\/wp\/v2\/comments?post=255249"}],"version-history":[{"count":16,"href":"https:\/\/thestorytelleragency.ca\/fr\/wp-json\/wp\/v2\/posts\/255249\/revisions"}],"predecessor-version":[{"id":987584638,"href":"https:\/\/thestorytelleragency.ca\/fr\/wp-json\/wp\/v2\/posts\/255249\/revisions\/987584638"}],"wp:featuredmedia":[{"embeddable":true,"href":"https:\/\/thestorytelleragency.ca\/fr\/wp-json\/wp\/v2\/media\/255250"}],"wp:attachment":[{"href":"https:\/\/thestorytelleragency.ca\/fr\/wp-json\/wp\/v2\/media?parent=255249"}],"wp:term":[{"taxonomy":"category","embeddable":true,"href":"https:\/\/thestorytelleragency.ca\/fr\/wp-json\/wp\/v2\/categories?post=255249"},{"taxonomy":"post_tag","embeddable":true,"href":"https:\/\/thestorytelleragency.ca\/fr\/wp-json\/wp\/v2\/tags?post=255249"}],"curies":[{"name":"wp","href":"https:\/\/api.w.org\/{rel}","templated":true}]}}